{"id":20381,"date":"2019-10-07T13:42:45","date_gmt":"2019-10-07T11:42:45","guid":{"rendered":"https:\/\/laurenty.com\/?p=20381"},"modified":"2020-09-10T12:17:17","modified_gmt":"2020-09-10T10:17:17","slug":"op-12-september-2019-kan-je-laurenty-terugvinden-op-het-jaarlijkse-evenement-food-connections","status":"publish","type":"post","link":"https:\/\/laurenty.com\/nl\/op-12-september-2019-kan-je-laurenty-terugvinden-op-het-jaarlijkse-evenement-food-connections\/","title":{"rendered":"Op 12 september 2019 kan je Laurenty terugvinden op het jaarlijkse evenement \u201cFood Connections\u201d"},"content":{"rendered":"<p>[et_pb_section fb_built=&#8221;1&#8243; _builder_version=&#8221;3.22&#8243;][et_pb_row column_structure=&#8221;1_2,1_2&#8243; _builder_version=&#8221;3.25&#8243; background_size=&#8221;initial&#8221; background_position=&#8221;top_left&#8221; background_repeat=&#8221;repeat&#8221;][et_pb_column type=&#8221;1_2&#8243; _builder_version=&#8221;3.25&#8243; custom_padding=&#8221;|||&#8221; custom_padding__hover=&#8221;|||&#8221;][et_pb_text _builder_version=&#8221;3.27.4&#8243; background_size=&#8221;initial&#8221; background_position=&#8221;top_left&#8221; background_repeat=&#8221;repeat&#8221;]<\/p>\n<div class=\"fusion-text\">\n<p><strong>Wij zullen aanwezig zijn op het jaarlijkse evenement\u00a0<a href=\"https:\/\/live.eventtia.com\/en\/annualevent\">Food Connections<\/a>, georganiseerd door Wagralim en Fevia, the federation of the Belgian food industry. Het evenement is ook wel gekend als het jaarlijkse evenement van de Waalse voedingsindustrie. Kom zeker eens een kijkje nemen op onze stand !<\/strong><\/p>\n<p>Food Connections heeft als doel om de Waalse\u00a0<a href=\"https:\/\/laurenty.com\/nl\/schoonmaak\/voedingsindustrie\/\">voedingsindustrie<\/a>\u00a0een boost te geven via de twee volgende kanalen:\u00a0<strong>networking<\/strong>\u00a0en\u00a0<strong>inspiratie<\/strong>. Op donderdag 12 september, zullen meer dan 300 exposanten uit de voedingsindustrie zich verenigen in het kasteel van\u00a0<a href=\"https:\/\/chateaudhelecine.be\/nl\/contact\/\">H\u00e9l\u00e9cine gelegen<\/a>\u00a0in Waals Brabant (tussen Leuven en Luik).<\/p>\n<p>Onder de exposanten die op dit evenement verwacht mogen worden:<\/p>\n<ul>\n<li>85 CEO\u2019s<\/li>\n<li>70 Sales and Marketing Managers<\/li>\n<li>70 R&amp;D Managers<\/li>\n<li>25 Kwaliteits- en Productiemanagers<\/li>\n<li>34 Diverse functies<\/li>\n<\/ul>\n<\/div>\n<div class=\"fusion-text\">\n<h2 data-fontsize=\"40\" data-lineheight=\"52\">Programma van de Food Connections<\/h2>\n<ul>\n<li>12u-13u: Onthaal en lunch<\/li>\n<li>13u-15u15: Seminaries (<a href=\"https:\/\/live.eventtia.com\/en\/annualevent\/Program\">ontdek hier het programma<\/a>)<\/li>\n<li>15u15-16u: Afspraak B2B<\/li>\n<li>16u-17u: Seminaries<\/li>\n<li>17u-18u: Afspraak B2B<\/li>\n<li>18u-19u30: Plenaire vergadering<\/li>\n<li>19u30: Walking Dinner<\/li>\n<\/ul>\n<h3 data-fontsize=\"32\" data-lineheight=\"44\">Praktische informatie over de Food Connections<\/h3>\n<p><strong>Wanneer?<\/strong>\u00a012 september 2019 van 12u tot 22u<\/p>\n<p><strong>Waar?<\/strong>\u00a0Kasteel van H\u00e9l\u00e9cine, Rue Armand Dewold, 2 te 1357 H\u00e9l\u00e9cine<\/p>\n<p><strong>De organisatoren?<\/strong>\u00a0Wagralim en Fevia<\/p>\n<p><strong>Inschrijven?<\/strong>\u00a0Klik\u00a0<a href=\"https:\/\/www.foodconnections.be\/en\/eventannuel\/Inscription\">hier<\/a>.<\/p>\n<p>Wij verwachten jullie met plezier op onze stand. Tot ziens!<\/p>\n<\/div>\n<p>[\/et_pb_text][\/et_pb_column][et_pb_column type=&#8221;1_2&#8243; _builder_version=&#8221;3.25&#8243; custom_padding=&#8221;|||&#8221; custom_padding__hover=&#8221;|||&#8221;][et_pb_image src=&#8221;http:\/\/laurenty.com\/wp-content\/uploads\/2019\/09\/Wagralim-Food-Connections-Laurenty-Septembre-2019-1200&#215;1617-1.jpg&#8221; _builder_version=&#8221;4.4.0&#8243;][\/et_pb_image][\/et_pb_column][\/et_pb_row][\/et_pb_section]<\/p>\n","protected":false},"excerpt":{"rendered":"<p>Wij zullen aanwezig zijn op het jaarlijkse evenement\u00a0Food Connections, georganiseerd door Wagralim en Fevia, the federation of the Belgian food industry. Het evenement is ook wel gekend als het jaarlijkse evenement van de Waalse voedingsindustrie. Kom zeker eens een kijkje nemen op onze stand ! Food Connections heeft als doel om de Waalse\u00a0voedingsindustrie\u00a0een boost te [&hellip;]<\/p>\n","protected":false},"author":1,"featured_media":24113,"comment_status":"open","ping_status":"open","sticky":false,"template":"","format":"standard","meta":{"_et_pb_use_builder":"on","_et_pb_old_content":"<div class=\"fusion-text\"><p><strong>Wij zullen aanwezig zijn op het jaarlijkse evenement\u00a0<a href=\"https:\/\/live.eventtia.com\/en\/annualevent\">Food Connections<\/a>, georganiseerd door Wagralim en Fevia, the federation of the Belgian food industry. Het evenement is ook wel gekend als het jaarlijkse evenement van de Waalse voedingsindustrie. Kom zeker eens een kijkje nemen op onze stand !<\/strong><\/p><p>Food Connections heeft als doel om de Waalse\u00a0<a href=\"https:\/\/laurenty.com\/nl\/schoonmaak\/voedingsindustrie\/\">voedingsindustrie<\/a>\u00a0een boost te geven via de twee volgende kanalen:\u00a0<strong>networking<\/strong>\u00a0en\u00a0<strong>inspiratie<\/strong>. Op donderdag 12 september, zullen meer dan 300 exposanten uit de voedingsindustrie zich verenigen in het kasteel van\u00a0<a href=\"https:\/\/chateaudhelecine.be\/nl\/contact\/\">H\u00e9l\u00e9cine gelegen<\/a>\u00a0in Waals Brabant (tussen Leuven en Luik).<\/p><p>Onder de exposanten die op dit evenement verwacht mogen worden:<\/p><ul><li>85 CEO\u2019s<\/li><li>70 Sales and Marketing Managers<\/li><li>70 R&D Managers<\/li><li>25 Kwaliteits- en Productiemanagers<\/li><li>34 Diverse functies<\/li><\/ul><\/div><div class=\"fusion-text\"><h2 data-fontsize=\"40\" data-lineheight=\"52\">Programma van de Food Connections<\/h2><ul><li>12u-13u: Onthaal en lunch<\/li><li>13u-15u15: Seminaries (<a href=\"https:\/\/live.eventtia.com\/en\/annualevent\/Program\">ontdek hier het programma<\/a>)<\/li><li>15u15-16u: Afspraak B2B<\/li><li>16u-17u: Seminaries<\/li><li>17u-18u: Afspraak B2B<\/li><li>18u-19u30: Plenaire vergadering<\/li><li>19u30: Walking Dinner<\/li><\/ul><h3 data-fontsize=\"32\" data-lineheight=\"44\">Praktische informatie over de Food Connections<\/h3><p><strong>Wanneer?<\/strong>\u00a012 september 2019 van 12u tot 22u<\/p><p><strong>Waar?<\/strong>\u00a0Kasteel van H\u00e9l\u00e9cine, Rue Armand Dewold, 2 te 1357 H\u00e9l\u00e9cine<\/p><p><strong>De organisatoren?<\/strong>\u00a0Wagralim en Fevia<\/p><p><strong>Inschrijven?<\/strong>\u00a0Klik\u00a0<a href=\"https:\/\/www.foodconnections.be\/en\/eventannuel\/Inscription\">hier<\/a>.<\/p><p>Wij verwachten jullie met plezier op onze stand. Tot ziens!<\/p><\/div>","_et_gb_content_width":"","footnotes":""},"categories":[103],"tags":[],"class_list":["post-20381","post","type-post","status-publish","format-standard","has-post-thumbnail","hentry","category-beurs"],"yoast_head":"<!-- This site is optimized with the Yoast SEO plugin v27.4 - https:\/\/yoast.com\/product\/yoast-seo-wordpress\/ -->\n<title>Op 12 september 2019 kan je Laurenty terugvinden op het jaarlijkse evenement \u201cFood Connections\u201d - Laurenty Group<\/title>\n<meta name=\"description\" content=\"Wij zullen aanwezig zijn op het jaarlijkse evenement Food Connections, georganiseerd door Wagralim en Fevia, the federation of the Belgian food industry\" \/>\n<meta name=\"robots\" content=\"index, follow, max-snippet:-1, max-image-preview:large, max-video-preview:-1\" \/>\n<link rel=\"canonical\" href=\"https:\/\/laurenty.com\/nl\/op-12-september-2019-kan-je-laurenty-terugvinden-op-het-jaarlijkse-evenement-food-connections\/\" \/>\n<meta property=\"og:locale\" content=\"nl_BE\" \/>\n<meta property=\"og:type\" content=\"article\" \/>\n<meta property=\"og:title\" content=\"Op 12 september 2019 kan je Laurenty terugvinden op het jaarlijkse evenement \u201cFood Connections\u201d - Laurenty Group\" \/>\n<meta property=\"og:description\" content=\"Wij zullen aanwezig zijn op het jaarlijkse evenement Food Connections, georganiseerd door Wagralim en Fevia, the federation of the Belgian food industry\" \/>\n<meta property=\"og:url\" content=\"https:\/\/laurenty.com\/nl\/op-12-september-2019-kan-je-laurenty-terugvinden-op-het-jaarlijkse-evenement-food-connections\/\" \/>\n<meta property=\"og:site_name\" content=\"Laurenty\" \/>\n<meta property=\"article:publisher\" content=\"https:\/\/www.facebook.com\/LaurentyGroup\" \/>\n<meta property=\"article:published_time\" content=\"2019-10-07T11:42:45+00:00\" \/>\n<meta property=\"article:modified_time\" content=\"2020-09-10T10:17:17+00:00\" \/>\n<meta property=\"og:image\" content=\"https:\/\/laurenty.com\/wp-content\/uploads\/2019\/10\/Wagralim-Food-Connections-Laurenty-Septembre-2019-1200x1617-1.jpg\" \/>\n\t<meta property=\"og:image:width\" content=\"1200\" \/>\n\t<meta property=\"og:image:height\" content=\"1617\" \/>\n\t<meta property=\"og:image:type\" content=\"image\/jpeg\" \/>\n<meta name=\"author\" content=\"admin_referenceur\" \/>\n<meta name=\"twitter:card\" content=\"summary_large_image\" \/>\n<meta name=\"twitter:label1\" content=\"Geschreven door\" \/>\n\t<meta name=\"twitter:data1\" content=\"admin_referenceur\" \/>\n\t<meta name=\"twitter:label2\" content=\"Geschatte leestijd\" \/>\n\t<meta name=\"twitter:data2\" content=\"1 minuut\" \/>\n<script type=\"application\/ld+json\" class=\"yoast-schema-graph\">{\"@context\":\"https:\\\/\\\/schema.org\",\"@graph\":[{\"@type\":\"Article\",\"@id\":\"https:\\\/\\\/laurenty.com\\\/nl\\\/op-12-september-2019-kan-je-laurenty-terugvinden-op-het-jaarlijkse-evenement-food-connections\\\/#article\",\"isPartOf\":{\"@id\":\"https:\\\/\\\/laurenty.com\\\/nl\\\/op-12-september-2019-kan-je-laurenty-terugvinden-op-het-jaarlijkse-evenement-food-connections\\\/\"},\"author\":{\"name\":\"admin_referenceur\",\"@id\":\"https:\\\/\\\/laurenty.com\\\/#\\\/schema\\\/person\\\/589700535b0ed5d2b1bd9cc6b01145da\"},\"headline\":\"Op 12 september 2019 kan je Laurenty terugvinden op het jaarlijkse evenement \u201cFood Connections\u201d\",\"datePublished\":\"2019-10-07T11:42:45+00:00\",\"dateModified\":\"2020-09-10T10:17:17+00:00\",\"mainEntityOfPage\":{\"@id\":\"https:\\\/\\\/laurenty.com\\\/nl\\\/op-12-september-2019-kan-je-laurenty-terugvinden-op-het-jaarlijkse-evenement-food-connections\\\/\"},\"wordCount\":306,\"commentCount\":0,\"publisher\":{\"@id\":\"https:\\\/\\\/laurenty.com\\\/#organization\"},\"image\":{\"@id\":\"https:\\\/\\\/laurenty.com\\\/nl\\\/op-12-september-2019-kan-je-laurenty-terugvinden-op-het-jaarlijkse-evenement-food-connections\\\/#primaryimage\"},\"thumbnailUrl\":\"https:\\\/\\\/laurenty.com\\\/wp-content\\\/uploads\\\/2019\\\/10\\\/Wagralim-Food-Connections-Laurenty-Septembre-2019-1200x1617-1.jpg\",\"articleSection\":[\"Beurs\"],\"inLanguage\":\"nl-BE\",\"potentialAction\":[{\"@type\":\"CommentAction\",\"name\":\"Comment\",\"target\":[\"https:\\\/\\\/laurenty.com\\\/nl\\\/op-12-september-2019-kan-je-laurenty-terugvinden-op-het-jaarlijkse-evenement-food-connections\\\/#respond\"]}]},{\"@type\":\"WebPage\",\"@id\":\"https:\\\/\\\/laurenty.com\\\/nl\\\/op-12-september-2019-kan-je-laurenty-terugvinden-op-het-jaarlijkse-evenement-food-connections\\\/\",\"url\":\"https:\\\/\\\/laurenty.com\\\/nl\\\/op-12-september-2019-kan-je-laurenty-terugvinden-op-het-jaarlijkse-evenement-food-connections\\\/\",\"name\":\"Op 12 september 2019 kan je Laurenty terugvinden op het jaarlijkse evenement \u201cFood Connections\u201d - Laurenty Group\",\"isPartOf\":{\"@id\":\"https:\\\/\\\/laurenty.com\\\/#website\"},\"primaryImageOfPage\":{\"@id\":\"https:\\\/\\\/laurenty.com\\\/nl\\\/op-12-september-2019-kan-je-laurenty-terugvinden-op-het-jaarlijkse-evenement-food-connections\\\/#primaryimage\"},\"image\":{\"@id\":\"https:\\\/\\\/laurenty.com\\\/nl\\\/op-12-september-2019-kan-je-laurenty-terugvinden-op-het-jaarlijkse-evenement-food-connections\\\/#primaryimage\"},\"thumbnailUrl\":\"https:\\\/\\\/laurenty.com\\\/wp-content\\\/uploads\\\/2019\\\/10\\\/Wagralim-Food-Connections-Laurenty-Septembre-2019-1200x1617-1.jpg\",\"datePublished\":\"2019-10-07T11:42:45+00:00\",\"dateModified\":\"2020-09-10T10:17:17+00:00\",\"description\":\"Wij zullen aanwezig zijn op het jaarlijkse evenement Food Connections, georganiseerd door Wagralim en Fevia, the federation of the Belgian food industry\",\"breadcrumb\":{\"@id\":\"https:\\\/\\\/laurenty.com\\\/nl\\\/op-12-september-2019-kan-je-laurenty-terugvinden-op-het-jaarlijkse-evenement-food-connections\\\/#breadcrumb\"},\"inLanguage\":\"nl-BE\",\"potentialAction\":[{\"@type\":\"ReadAction\",\"target\":[\"https:\\\/\\\/laurenty.com\\\/nl\\\/op-12-september-2019-kan-je-laurenty-terugvinden-op-het-jaarlijkse-evenement-food-connections\\\/\"]}]},{\"@type\":\"ImageObject\",\"inLanguage\":\"nl-BE\",\"@id\":\"https:\\\/\\\/laurenty.com\\\/nl\\\/op-12-september-2019-kan-je-laurenty-terugvinden-op-het-jaarlijkse-evenement-food-connections\\\/#primaryimage\",\"url\":\"https:\\\/\\\/laurenty.com\\\/wp-content\\\/uploads\\\/2019\\\/10\\\/Wagralim-Food-Connections-Laurenty-Septembre-2019-1200x1617-1.jpg\",\"contentUrl\":\"https:\\\/\\\/laurenty.com\\\/wp-content\\\/uploads\\\/2019\\\/10\\\/Wagralim-Food-Connections-Laurenty-Septembre-2019-1200x1617-1.jpg\",\"width\":1200,\"height\":1617},{\"@type\":\"BreadcrumbList\",\"@id\":\"https:\\\/\\\/laurenty.com\\\/nl\\\/op-12-september-2019-kan-je-laurenty-terugvinden-op-het-jaarlijkse-evenement-food-connections\\\/#breadcrumb\",\"itemListElement\":[{\"@type\":\"ListItem\",\"position\":1,\"name\":\"Home\",\"item\":\"https:\\\/\\\/laurenty.com\\\/nl\\\/\"},{\"@type\":\"ListItem\",\"position\":2,\"name\":\"Op 12 september 2019 kan je Laurenty terugvinden op het jaarlijkse evenement \u201cFood Connections\u201d\"}]},{\"@type\":\"WebSite\",\"@id\":\"https:\\\/\\\/laurenty.com\\\/#website\",\"url\":\"https:\\\/\\\/laurenty.com\\\/\",\"name\":\"Laurenty Group\",\"description\":\"Entreprise de nettoyage et de services en Belgique, en France et au Luxembourg\",\"publisher\":{\"@id\":\"https:\\\/\\\/laurenty.com\\\/#organization\"},\"potentialAction\":[{\"@type\":\"SearchAction\",\"target\":{\"@type\":\"EntryPoint\",\"urlTemplate\":\"https:\\\/\\\/laurenty.com\\\/?s={search_term_string}\"},\"query-input\":{\"@type\":\"PropertyValueSpecification\",\"valueRequired\":true,\"valueName\":\"search_term_string\"}}],\"inLanguage\":\"nl-BE\"},{\"@type\":\"Organization\",\"@id\":\"https:\\\/\\\/laurenty.com\\\/#organization\",\"name\":\"Laurenty Group\",\"url\":\"https:\\\/\\\/laurenty.com\\\/\",\"logo\":{\"@type\":\"ImageObject\",\"inLanguage\":\"nl-BE\",\"@id\":\"https:\\\/\\\/laurenty.com\\\/#\\\/schema\\\/logo\\\/image\\\/\",\"url\":\"https:\\\/\\\/laurenty.com\\\/wp-content\\\/uploads\\\/2020\\\/06\\\/laurenty-group.png\",\"contentUrl\":\"https:\\\/\\\/laurenty.com\\\/wp-content\\\/uploads\\\/2020\\\/06\\\/laurenty-group.png\",\"width\":549,\"height\":309,\"caption\":\"Laurenty Group\"},\"image\":{\"@id\":\"https:\\\/\\\/laurenty.com\\\/#\\\/schema\\\/logo\\\/image\\\/\"},\"sameAs\":[\"https:\\\/\\\/www.facebook.com\\\/LaurentyGroup\",\"https:\\\/\\\/www.linkedin.com\\\/company\\\/laurentygroup\\\/\",\"https:\\\/\\\/www.youtube.com\\\/channel\\\/UCirP1Sv08dx0mDNCnR-8XUQ\"]},{\"@type\":\"Person\",\"@id\":\"https:\\\/\\\/laurenty.com\\\/#\\\/schema\\\/person\\\/589700535b0ed5d2b1bd9cc6b01145da\",\"name\":\"admin_referenceur\",\"image\":{\"@type\":\"ImageObject\",\"inLanguage\":\"nl-BE\",\"@id\":\"https:\\\/\\\/secure.gravatar.com\\\/avatar\\\/7ca8c049dc0107389545102271bf53c5b7fec147beec2ddff167763f2c3086a9?s=96&d=mm&r=g\",\"url\":\"https:\\\/\\\/secure.gravatar.com\\\/avatar\\\/7ca8c049dc0107389545102271bf53c5b7fec147beec2ddff167763f2c3086a9?s=96&d=mm&r=g\",\"contentUrl\":\"https:\\\/\\\/secure.gravatar.com\\\/avatar\\\/7ca8c049dc0107389545102271bf53c5b7fec147beec2ddff167763f2c3086a9?s=96&d=mm&r=g\",\"caption\":\"admin_referenceur\"},\"url\":\"https:\\\/\\\/laurenty.com\\\/nl\\\/author\\\/admin_referenceur\\\/\"}]}<\/script>\n<!-- \/ Yoast SEO plugin. -->","yoast_head_json":{"title":"Op 12 september 2019 kan je Laurenty terugvinden op het jaarlijkse evenement \u201cFood Connections\u201d - Laurenty Group","description":"Wij zullen aanwezig zijn op het jaarlijkse evenement Food Connections, georganiseerd door Wagralim en Fevia, the federation of the Belgian food industry","robots":{"index":"index","follow":"follow","max-snippet":"max-snippet:-1","max-image-preview":"max-image-preview:large","max-video-preview":"max-video-preview:-1"},"canonical":"https:\/\/laurenty.com\/nl\/op-12-september-2019-kan-je-laurenty-terugvinden-op-het-jaarlijkse-evenement-food-connections\/","og_locale":"nl_BE","og_type":"article","og_title":"Op 12 september 2019 kan je Laurenty terugvinden op het jaarlijkse evenement \u201cFood Connections\u201d - Laurenty Group","og_description":"Wij zullen aanwezig zijn op het jaarlijkse evenement Food Connections, georganiseerd door Wagralim en Fevia, the federation of the Belgian food industry","og_url":"https:\/\/laurenty.com\/nl\/op-12-september-2019-kan-je-laurenty-terugvinden-op-het-jaarlijkse-evenement-food-connections\/","og_site_name":"Laurenty","article_publisher":"https:\/\/www.facebook.com\/LaurentyGroup","article_published_time":"2019-10-07T11:42:45+00:00","article_modified_time":"2020-09-10T10:17:17+00:00","og_image":[{"width":1200,"height":1617,"url":"https:\/\/laurenty.com\/wp-content\/uploads\/2019\/10\/Wagralim-Food-Connections-Laurenty-Septembre-2019-1200x1617-1.jpg","type":"image\/jpeg"}],"author":"admin_referenceur","twitter_card":"summary_large_image","twitter_misc":{"Geschreven door":"admin_referenceur","Geschatte leestijd":"1 minuut"},"schema":{"@context":"https:\/\/schema.org","@graph":[{"@type":"Article","@id":"https:\/\/laurenty.com\/nl\/op-12-september-2019-kan-je-laurenty-terugvinden-op-het-jaarlijkse-evenement-food-connections\/#article","isPartOf":{"@id":"https:\/\/laurenty.com\/nl\/op-12-september-2019-kan-je-laurenty-terugvinden-op-het-jaarlijkse-evenement-food-connections\/"},"author":{"name":"admin_referenceur","@id":"https:\/\/laurenty.com\/#\/schema\/person\/589700535b0ed5d2b1bd9cc6b01145da"},"headline":"Op 12 september 2019 kan je Laurenty terugvinden op het jaarlijkse evenement \u201cFood Connections\u201d","datePublished":"2019-10-07T11:42:45+00:00","dateModified":"2020-09-10T10:17:17+00:00","mainEntityOfPage":{"@id":"https:\/\/laurenty.com\/nl\/op-12-september-2019-kan-je-laurenty-terugvinden-op-het-jaarlijkse-evenement-food-connections\/"},"wordCount":306,"commentCount":0,"publisher":{"@id":"https:\/\/laurenty.com\/#organization"},"image":{"@id":"https:\/\/laurenty.com\/nl\/op-12-september-2019-kan-je-laurenty-terugvinden-op-het-jaarlijkse-evenement-food-connections\/#primaryimage"},"thumbnailUrl":"https:\/\/laurenty.com\/wp-content\/uploads\/2019\/10\/Wagralim-Food-Connections-Laurenty-Septembre-2019-1200x1617-1.jpg","articleSection":["Beurs"],"inLanguage":"nl-BE","potentialAction":[{"@type":"CommentAction","name":"Comment","target":["https:\/\/laurenty.com\/nl\/op-12-september-2019-kan-je-laurenty-terugvinden-op-het-jaarlijkse-evenement-food-connections\/#respond"]}]},{"@type":"WebPage","@id":"https:\/\/laurenty.com\/nl\/op-12-september-2019-kan-je-laurenty-terugvinden-op-het-jaarlijkse-evenement-food-connections\/","url":"https:\/\/laurenty.com\/nl\/op-12-september-2019-kan-je-laurenty-terugvinden-op-het-jaarlijkse-evenement-food-connections\/","name":"Op 12 september 2019 kan je Laurenty terugvinden op het jaarlijkse evenement \u201cFood Connections\u201d - Laurenty Group","isPartOf":{"@id":"https:\/\/laurenty.com\/#website"},"primaryImageOfPage":{"@id":"https:\/\/laurenty.com\/nl\/op-12-september-2019-kan-je-laurenty-terugvinden-op-het-jaarlijkse-evenement-food-connections\/#primaryimage"},"image":{"@id":"https:\/\/laurenty.com\/nl\/op-12-september-2019-kan-je-laurenty-terugvinden-op-het-jaarlijkse-evenement-food-connections\/#primaryimage"},"thumbnailUrl":"https:\/\/laurenty.com\/wp-content\/uploads\/2019\/10\/Wagralim-Food-Connections-Laurenty-Septembre-2019-1200x1617-1.jpg","datePublished":"2019-10-07T11:42:45+00:00","dateModified":"2020-09-10T10:17:17+00:00","description":"Wij zullen aanwezig zijn op het jaarlijkse evenement Food Connections, georganiseerd door Wagralim en Fevia, the federation of the Belgian food industry","breadcrumb":{"@id":"https:\/\/laurenty.com\/nl\/op-12-september-2019-kan-je-laurenty-terugvinden-op-het-jaarlijkse-evenement-food-connections\/#breadcrumb"},"inLanguage":"nl-BE","potentialAction":[{"@type":"ReadAction","target":["https:\/\/laurenty.com\/nl\/op-12-september-2019-kan-je-laurenty-terugvinden-op-het-jaarlijkse-evenement-food-connections\/"]}]},{"@type":"ImageObject","inLanguage":"nl-BE","@id":"https:\/\/laurenty.com\/nl\/op-12-september-2019-kan-je-laurenty-terugvinden-op-het-jaarlijkse-evenement-food-connections\/#primaryimage","url":"https:\/\/laurenty.com\/wp-content\/uploads\/2019\/10\/Wagralim-Food-Connections-Laurenty-Septembre-2019-1200x1617-1.jpg","contentUrl":"https:\/\/laurenty.com\/wp-content\/uploads\/2019\/10\/Wagralim-Food-Connections-Laurenty-Septembre-2019-1200x1617-1.jpg","width":1200,"height":1617},{"@type":"BreadcrumbList","@id":"https:\/\/laurenty.com\/nl\/op-12-september-2019-kan-je-laurenty-terugvinden-op-het-jaarlijkse-evenement-food-connections\/#breadcrumb","itemListElement":[{"@type":"ListItem","position":1,"name":"Home","item":"https:\/\/laurenty.com\/nl\/"},{"@type":"ListItem","position":2,"name":"Op 12 september 2019 kan je Laurenty terugvinden op het jaarlijkse evenement \u201cFood Connections\u201d"}]},{"@type":"WebSite","@id":"https:\/\/laurenty.com\/#website","url":"https:\/\/laurenty.com\/","name":"Laurenty Group","description":"Entreprise de nettoyage et de services en Belgique, en France et au Luxembourg","publisher":{"@id":"https:\/\/laurenty.com\/#organization"},"potentialAction":[{"@type":"SearchAction","target":{"@type":"EntryPoint","urlTemplate":"https:\/\/laurenty.com\/?s={search_term_string}"},"query-input":{"@type":"PropertyValueSpecification","valueRequired":true,"valueName":"search_term_string"}}],"inLanguage":"nl-BE"},{"@type":"Organization","@id":"https:\/\/laurenty.com\/#organization","name":"Laurenty Group","url":"https:\/\/laurenty.com\/","logo":{"@type":"ImageObject","inLanguage":"nl-BE","@id":"https:\/\/laurenty.com\/#\/schema\/logo\/image\/","url":"https:\/\/laurenty.com\/wp-content\/uploads\/2020\/06\/laurenty-group.png","contentUrl":"https:\/\/laurenty.com\/wp-content\/uploads\/2020\/06\/laurenty-group.png","width":549,"height":309,"caption":"Laurenty Group"},"image":{"@id":"https:\/\/laurenty.com\/#\/schema\/logo\/image\/"},"sameAs":["https:\/\/www.facebook.com\/LaurentyGroup","https:\/\/www.linkedin.com\/company\/laurentygroup\/","https:\/\/www.youtube.com\/channel\/UCirP1Sv08dx0mDNCnR-8XUQ"]},{"@type":"Person","@id":"https:\/\/laurenty.com\/#\/schema\/person\/589700535b0ed5d2b1bd9cc6b01145da","name":"admin_referenceur","image":{"@type":"ImageObject","inLanguage":"nl-BE","@id":"https:\/\/secure.gravatar.com\/avatar\/7ca8c049dc0107389545102271bf53c5b7fec147beec2ddff167763f2c3086a9?s=96&d=mm&r=g","url":"https:\/\/secure.gravatar.com\/avatar\/7ca8c049dc0107389545102271bf53c5b7fec147beec2ddff167763f2c3086a9?s=96&d=mm&r=g","contentUrl":"https:\/\/secure.gravatar.com\/avatar\/7ca8c049dc0107389545102271bf53c5b7fec147beec2ddff167763f2c3086a9?s=96&d=mm&r=g","caption":"admin_referenceur"},"url":"https:\/\/laurenty.com\/nl\/author\/admin_referenceur\/"}]}},"_links":{"self":[{"href":"https:\/\/laurenty.com\/nl\/wp-json\/wp\/v2\/posts\/20381","targetHints":{"allow":["GET"]}}],"collection":[{"href":"https:\/\/laurenty.com\/nl\/wp-json\/wp\/v2\/posts"}],"about":[{"href":"https:\/\/laurenty.com\/nl\/wp-json\/wp\/v2\/types\/post"}],"author":[{"embeddable":true,"href":"https:\/\/laurenty.com\/nl\/wp-json\/wp\/v2\/users\/1"}],"replies":[{"embeddable":true,"href":"https:\/\/laurenty.com\/nl\/wp-json\/wp\/v2\/comments?post=20381"}],"version-history":[{"count":4,"href":"https:\/\/laurenty.com\/nl\/wp-json\/wp\/v2\/posts\/20381\/revisions"}],"predecessor-version":[{"id":24870,"href":"https:\/\/laurenty.com\/nl\/wp-json\/wp\/v2\/posts\/20381\/revisions\/24870"}],"wp:featuredmedia":[{"embeddable":true,"href":"https:\/\/laurenty.com\/nl\/wp-json\/wp\/v2\/media\/24113"}],"wp:attachment":[{"href":"https:\/\/laurenty.com\/nl\/wp-json\/wp\/v2\/media?parent=20381"}],"wp:term":[{"taxonomy":"category","embeddable":true,"href":"https:\/\/laurenty.com\/nl\/wp-json\/wp\/v2\/categories?post=20381"},{"taxonomy":"post_tag","embeddable":true,"href":"https:\/\/laurenty.com\/nl\/wp-json\/wp\/v2\/tags?post=20381"}],"curies":[{"name":"wp","href":"https:\/\/api.w.org\/{rel}","templated":true}]}}