{"id":55357,"date":"2022-08-16T15:55:32","date_gmt":"2022-08-16T13:55:32","guid":{"rendered":"https:\/\/laurenty.com\/laurenty-a-nouveau-partenaire-de-la-food-connections\/"},"modified":"2022-08-16T15:55:32","modified_gmt":"2022-08-16T13:55:32","slug":"laurenty-a-nouveau-partenaire-de-la-food-connections","status":"publish","type":"post","link":"https:\/\/laurenty.com\/fr-fr\/laurenty-a-nouveau-partenaire-de-la-food-connections\/","title":{"rendered":"Laurenty, \u00e0 nouveau partenaire de la Food Connections (29 septembre 2022)"},"content":{"rendered":"<p>[et_pb_section fb_built=\u00a0\u00bb1&Prime; _builder_version=\u00a0\u00bb4.16&Prime; global_colors_info=\u00a0\u00bb{}\u00a0\u00bb][et_pb_row column_structure=\u00a0\u00bb1_2,1_2&Prime; _builder_version=\u00a0\u00bb4.16&Prime; background_size=\u00a0\u00bbinitial\u00a0\u00bb background_position=\u00a0\u00bbtop_left\u00a0\u00bb background_repeat=\u00a0\u00bbrepeat\u00a0\u00bb global_colors_info=\u00a0\u00bb{}\u00a0\u00bb][et_pb_column type=\u00a0\u00bb1_2&Prime; _builder_version=\u00a0\u00bb4.16&Prime; custom_padding=\u00a0\u00bb|||\u00a0\u00bb global_colors_info=\u00a0\u00bb{}\u00a0\u00bb custom_padding__hover=\u00a0\u00bb|||\u00a0\u00bb][et_pb_text _builder_version=\u00a0\u00bb4.17.6&Prime; background_size=\u00a0\u00bbinitial\u00a0\u00bb background_position=\u00a0\u00bbtop_left\u00a0\u00bb background_repeat=\u00a0\u00bbrepeat\u00a0\u00bb vertical_offset_tablet=\u00a0\u00bb0&Prime; horizontal_offset_tablet=\u00a0\u00bb0&Prime; z_index_tablet=\u00a0\u00bb0&Prime; text_text_shadow_horizontal_length_tablet=\u00a0\u00bb0px\u00a0\u00bb text_text_shadow_vertical_length_tablet=\u00a0\u00bb0px\u00a0\u00bb text_text_shadow_blur_strength_tablet=\u00a0\u00bb1px\u00a0\u00bb link_text_shadow_horizontal_length_tablet=\u00a0\u00bb0px\u00a0\u00bb link_text_shadow_vertical_length_tablet=\u00a0\u00bb0px\u00a0\u00bb link_text_shadow_blur_strength_tablet=\u00a0\u00bb1px\u00a0\u00bb ul_text_shadow_horizontal_length_tablet=\u00a0\u00bb0px\u00a0\u00bb ul_text_shadow_vertical_length_tablet=\u00a0\u00bb0px\u00a0\u00bb ul_text_shadow_blur_strength_tablet=\u00a0\u00bb1px\u00a0\u00bb ol_text_shadow_horizontal_length_tablet=\u00a0\u00bb0px\u00a0\u00bb ol_text_shadow_vertical_length_tablet=\u00a0\u00bb0px\u00a0\u00bb ol_text_shadow_blur_strength_tablet=\u00a0\u00bb1px\u00a0\u00bb quote_text_shadow_horizontal_length_tablet=\u00a0\u00bb0px\u00a0\u00bb quote_text_shadow_vertical_length_tablet=\u00a0\u00bb0px\u00a0\u00bb quote_text_shadow_blur_strength_tablet=\u00a0\u00bb1px\u00a0\u00bb header_text_shadow_horizontal_length_tablet=\u00a0\u00bb0px\u00a0\u00bb header_text_shadow_vertical_length_tablet=\u00a0\u00bb0px\u00a0\u00bb header_text_shadow_blur_strength_tablet=\u00a0\u00bb1px\u00a0\u00bb header_2_text_shadow_horizontal_length_tablet=\u00a0\u00bb0px\u00a0\u00bb header_2_text_shadow_vertical_length_tablet=\u00a0\u00bb0px\u00a0\u00bb header_2_text_shadow_blur_strength_tablet=\u00a0\u00bb1px\u00a0\u00bb header_3_text_shadow_horizontal_length_tablet=\u00a0\u00bb0px\u00a0\u00bb header_3_text_shadow_vertical_length_tablet=\u00a0\u00bb0px\u00a0\u00bb header_3_text_shadow_blur_strength_tablet=\u00a0\u00bb1px\u00a0\u00bb header_4_text_shadow_horizontal_length_tablet=\u00a0\u00bb0px\u00a0\u00bb header_4_text_shadow_vertical_length_tablet=\u00a0\u00bb0px\u00a0\u00bb header_4_text_shadow_blur_strength_tablet=\u00a0\u00bb1px\u00a0\u00bb header_5_text_shadow_horizontal_length_tablet=\u00a0\u00bb0px\u00a0\u00bb header_5_text_shadow_vertical_length_tablet=\u00a0\u00bb0px\u00a0\u00bb header_5_text_shadow_blur_strength_tablet=\u00a0\u00bb1px\u00a0\u00bb header_6_text_shadow_horizontal_length_tablet=\u00a0\u00bb0px\u00a0\u00bb header_6_text_shadow_vertical_length_tablet=\u00a0\u00bb0px\u00a0\u00bb header_6_text_shadow_blur_strength_tablet=\u00a0\u00bb1px\u00a0\u00bb box_shadow_horizontal_tablet=\u00a0\u00bb0px\u00a0\u00bb box_shadow_vertical_tablet=\u00a0\u00bb0px\u00a0\u00bb box_shadow_blur_tablet=\u00a0\u00bb40px\u00a0\u00bb box_shadow_spread_tablet=\u00a0\u00bb0px\u00a0\u00bb global_colors_info=\u00a0\u00bb{}\u00a0\u00bb]<\/p>\n<p><strong>Et une de plus ! <\/strong><\/p>\n<p><strong>Cette ann\u00e9e encore, Laurenty soutient l&rsquo;\u00e9v\u00e9nement Food Connections 2022, chapeaut\u00e9 par Wagralim et par Fevia (F\u00e9d\u00e9ration de l&rsquo;industrie alimentaire belge) qui se d\u00e9roulera le jeudi 29 septembre prochain ! <\/strong><\/p>\n<p><strong>En tant que partenaire officiel de cet \u00e9v\u00e9nement, nous serons \u00e9videmment pr\u00e9sents afin de vous transmettre notre passion et <a href=\"https:\/\/laurenty.com\/fr-fr\/focus-nettoyage-en-milieu-agroalimentaire-techniques-specifiques\/\">notre exp\u00e9rience du nettoyage en milieu agroalimentaire<\/a> et des techniques sp\u00e9cifiques relatives \u00e0 ce genre d&rsquo;activit\u00e9.<\/strong><\/p>\n<h2><span id=\"p4\">Food Connections 2022<\/span><\/h2>\n<p><span id=\"p4\">Le Food Connections, c&rsquo;est une vitrine incroyable pour toute la passionnante industrie agroalimentaire wallonne ! <\/span>Vous avez ainsi la possibilit\u00e9 de rencontrer toutes les parties prenantes de ce secteur, et d&rsquo;\u00eatre connect\u00e9s directement aux acteurs qui le composent.<\/p>\n<p>L&rsquo;innovation et l&rsquo;\u00e9volution sont comme toujours au centre de ce projet qui n&rsquo;en finit pas de s\u00e9duire. Les <strong>objectifs de la Food Connections<\/strong> demeurent ainsi inchang\u00e9s avec une orientation claire vers le networking (le r\u00e9seau d&rsquo;affaires) et l&rsquo;innovation.<\/p>\n<p>Et en parlant d&rsquo;innovation, <strong>Wagralim et <a href=\"https:\/\/www.fevia.be\/fr\/propos-de-fevia\/fevia-wallonie\">Fevia Wallonie<\/a><\/strong> vous pr\u00e9sentent un nouveau format hybride cette ann\u00e9e avec une premi\u00e8re partie en pr\u00e9sentiel le jeudi 29 septembre, et des s\u00e9ances virtuelles du 30 septembre (webinaire international) jusqu&rsquo;au 4 octobre (rendez-vous B2B virtuels).<\/p>\n<p>Le <strong>Food Connections<\/strong> n&rsquo;a donc jamais aussi bien port\u00e9 son nom !<\/p>\n<p>Vous aurez ainsi, une fois encore, la possibilit\u00e9 d&rsquo;\u00eatre mis en relation avec pas moins de <strong>350 professionnels du secteur<\/strong>, tous issus des soci\u00e9t\u00e9s de services tels que les industries, les soci\u00e9t\u00e9s d&rsquo;\u00e9quipement sp\u00e9cifiques, les institutions et de bien d&rsquo;autres orientations.<\/p>\n<p><a href=\"https:\/\/laurenty.com\/fr-fr\/qui-sommes-nous\/\"><span id=\"48\" class=\"s-rg-t\">Laurenty<\/span><\/a> sera donc \u00e0 nouveau pr\u00e9sent en qualit\u00e9 de partenaire du Food Connections. Nous serons ainsi ravis d&rsquo;\u00e9changer autour des diff\u00e9rents axes qui composent notre quotidien, \u00e0 savoir :<\/p>\n<ul>\n<li>La s\u00e9curit\u00e9<\/li>\n<li>Le nettoyage \u00e0 basse et haute pression<\/li>\n<li>Le nettoyage par produits enzymatiques<\/li>\n<li>Le nettoyage par cryog\u00e9nie<\/li>\n<li>La d\u00e9sinfection<\/li>\n<\/ul>\n<p>Retrouvez \u00e0 cet effet <a href=\"https:\/\/info.wagralim.be\/blog\/r-d-4\/focus-sur-le-nettoyage-en-milieu-agroalimentaire-et-ses-techniques-specifiques-158?utm_source=Linkedin&amp;utm_medium=image&amp;utm_campaign=FC-+partenariat+Laurenty+%28membres%29\">l&rsquo;article d\u00e9di\u00e9 au nettoyage agroalimentaire<\/a> r\u00e9dig\u00e9 par Wagralim !<\/p>\n<p>[\/et_pb_text][\/et_pb_column][et_pb_column type=\u00a0\u00bb1_2&Prime; _builder_version=\u00a0\u00bb4.16&Prime; custom_padding=\u00a0\u00bb|||\u00a0\u00bb global_colors_info=\u00a0\u00bb{}\u00a0\u00bb custom_padding__hover=\u00a0\u00bb|||\u00a0\u00bb][et_pb_image src=\u00a0\u00bbhttps:\/\/laurenty.com\/wp-content\/uploads\/2022\/08\/food-connections-2022-laurenty-nettoyage-agroalimentaire.jpg\u00a0\u00bb alt=\u00a0\u00bbFood Connections 2022, Laurenty pr\u00e9sent en tant qu&rsquo;expert du nettoyage en milieu agro-alimentaire\u00a0\u00bb title_text=\u00a0\u00bbFood Connections 2022, Laurenty pr\u00e9sent en tant qu&rsquo;expert du nettoyage en milieu agro-alimentaire\u00a0\u00bb _builder_version=\u00a0\u00bb4.17.6&Prime; vertical_offset_tablet=\u00a0\u00bb0&Prime; horizontal_offset_tablet=\u00a0\u00bb0&Prime; z_index_tablet=\u00a0\u00bb0&Prime; box_shadow_horizontal_tablet=\u00a0\u00bb0px\u00a0\u00bb box_shadow_vertical_tablet=\u00a0\u00bb0px\u00a0\u00bb box_shadow_blur_tablet=\u00a0\u00bb40px\u00a0\u00bb box_shadow_spread_tablet=\u00a0\u00bb0px\u00a0\u00bb global_colors_info=\u00a0\u00bb{}\u00a0\u00bb][\/et_pb_image][\/et_pb_column][\/et_pb_row][et_pb_row _builder_version=\u00a0\u00bb4.17.6&Prime; _module_preset=\u00a0\u00bbdefault\u00a0\u00bb global_colors_info=\u00a0\u00bb{}\u00a0\u00bb][et_pb_column type=\u00a0\u00bb4_4&Prime; _builder_version=\u00a0\u00bb4.17.6&Prime; _module_preset=\u00a0\u00bbdefault\u00a0\u00bb global_colors_info=\u00a0\u00bb{}\u00a0\u00bb][et_pb_text _builder_version=\u00a0\u00bb4.17.6&Prime; _module_preset=\u00a0\u00bbdefault\u00a0\u00bb global_colors_info=\u00a0\u00bb{}\u00a0\u00bb]<\/p>\n<h3>Food Connections : les informations pratiques<\/h3>\n<p><strong>Date ?<\/strong> Le 29 septembre 2022 de 13h \u00e0 21h30<\/p>\n<p><strong>O\u00f9 ? <\/strong>Au Ch\u00e2teau Bayard \u00e0 Eghez\u00e9e (Rue du Ch\u00e2teau Bayard 4 (Route de la Bruy\u00e8re sur GPS) \u00e0 5310 Eghez\u00e9e<\/p>\n<p><strong>Organisateurs ? <\/strong>Wagralim et Fevia<\/p>\n<p><strong>Programme ?<\/strong> A suivre<\/p>\n<p><strong>Inscription ? <a href=\"https:\/\/info.wagralim.be\/event\/food-connections-46\/register\">Wagralim<\/a><\/strong><\/p>\n<p>Prenez part \u00e0 cet \u00e9v\u00e8nement annuel dans un cadre magnifique, propice \u00e0 l&rsquo;\u00e9change et \u00e0 la rencontre autour du passionnant secteur agroalimentaire.<\/p>\n<p>[\/et_pb_text][\/et_pb_column][\/et_pb_row][\/et_pb_section][et_pb_section fb_built=\u00a0\u00bb1&Prime; next_background_color=\u00a0\u00bb#ffffff\u00a0\u00bb _builder_version=\u00a0\u00bb4.16&Prime; background_color=\u00a0\u00bb#eb5d0b\u00a0\u00bb vertical_offset_tablet=\u00a0\u00bb0&Prime; horizontal_offset_tablet=\u00a0\u00bb0&Prime; custom_padding=\u00a0\u00bb15px||15px|\u00a0\u00bb bottom_divider_style=\u00a0\u00bbtriangle\u00a0\u00bb bottom_divider_height=\u00a0\u00bb20px\u00a0\u00bb bottom_divider_flip=\u00a0\u00bbvertical\u00a0\u00bb z_index_tablet=\u00a0\u00bb0&Prime; box_shadow_horizontal_tablet=\u00a0\u00bb0px\u00a0\u00bb box_shadow_vertical_tablet=\u00a0\u00bb0px\u00a0\u00bb box_shadow_blur_tablet=\u00a0\u00bb40px\u00a0\u00bb box_shadow_spread_tablet=\u00a0\u00bb0px\u00a0\u00bb global_colors_info=\u00a0\u00bb{}\u00a0\u00bb][et_pb_row _builder_version=\u00a0\u00bb4.16&Prime; background_size=\u00a0\u00bbinitial\u00a0\u00bb background_position=\u00a0\u00bbtop_left\u00a0\u00bb background_repeat=\u00a0\u00bbrepeat\u00a0\u00bb global_colors_info=\u00a0\u00bb{}\u00a0\u00bb][et_pb_column type=\u00a0\u00bb4_4&Prime; _builder_version=\u00a0\u00bb4.16&Prime; custom_padding=\u00a0\u00bb|||\u00a0\u00bb global_colors_info=\u00a0\u00bb{}\u00a0\u00bb custom_padding__hover=\u00a0\u00bb|||\u00a0\u00bb][et_pb_text module_id=\u00a0\u00bbcallto-txt\u00a0\u00bb _builder_version=\u00a0\u00bb4.17.6&Prime; vertical_offset_tablet=\u00a0\u00bb0&Prime; horizontal_offset_tablet=\u00a0\u00bb0&Prime; z_index_tablet=\u00a0\u00bb0&Prime; text_text_shadow_horizontal_length_tablet=\u00a0\u00bb0px\u00a0\u00bb text_text_shadow_vertical_length_tablet=\u00a0\u00bb0px\u00a0\u00bb text_text_shadow_blur_strength_tablet=\u00a0\u00bb1px\u00a0\u00bb link_text_shadow_horizontal_length_tablet=\u00a0\u00bb0px\u00a0\u00bb link_text_shadow_vertical_length_tablet=\u00a0\u00bb0px\u00a0\u00bb link_text_shadow_blur_strength_tablet=\u00a0\u00bb1px\u00a0\u00bb ul_text_shadow_horizontal_length_tablet=\u00a0\u00bb0px\u00a0\u00bb ul_text_shadow_vertical_length_tablet=\u00a0\u00bb0px\u00a0\u00bb ul_text_shadow_blur_strength_tablet=\u00a0\u00bb1px\u00a0\u00bb ol_text_shadow_horizontal_length_tablet=\u00a0\u00bb0px\u00a0\u00bb ol_text_shadow_vertical_length_tablet=\u00a0\u00bb0px\u00a0\u00bb ol_text_shadow_blur_strength_tablet=\u00a0\u00bb1px\u00a0\u00bb quote_text_shadow_horizontal_length_tablet=\u00a0\u00bb0px\u00a0\u00bb quote_text_shadow_vertical_length_tablet=\u00a0\u00bb0px\u00a0\u00bb quote_text_shadow_blur_strength_tablet=\u00a0\u00bb1px\u00a0\u00bb header_text_shadow_horizontal_length_tablet=\u00a0\u00bb0px\u00a0\u00bb header_text_shadow_vertical_length_tablet=\u00a0\u00bb0px\u00a0\u00bb header_text_shadow_blur_strength_tablet=\u00a0\u00bb1px\u00a0\u00bb header_2_text_shadow_horizontal_length_tablet=\u00a0\u00bb0px\u00a0\u00bb header_2_text_shadow_vertical_length_tablet=\u00a0\u00bb0px\u00a0\u00bb header_2_text_shadow_blur_strength_tablet=\u00a0\u00bb1px\u00a0\u00bb header_3_text_shadow_horizontal_length_tablet=\u00a0\u00bb0px\u00a0\u00bb header_3_text_shadow_vertical_length_tablet=\u00a0\u00bb0px\u00a0\u00bb header_3_text_shadow_blur_strength_tablet=\u00a0\u00bb1px\u00a0\u00bb header_4_text_shadow_horizontal_length_tablet=\u00a0\u00bb0px\u00a0\u00bb header_4_text_shadow_vertical_length_tablet=\u00a0\u00bb0px\u00a0\u00bb header_4_text_shadow_blur_strength_tablet=\u00a0\u00bb1px\u00a0\u00bb header_5_text_shadow_horizontal_length_tablet=\u00a0\u00bb0px\u00a0\u00bb header_5_text_shadow_vertical_length_tablet=\u00a0\u00bb0px\u00a0\u00bb header_5_text_shadow_blur_strength_tablet=\u00a0\u00bb1px\u00a0\u00bb header_6_text_shadow_horizontal_length_tablet=\u00a0\u00bb0px\u00a0\u00bb header_6_text_shadow_vertical_length_tablet=\u00a0\u00bb0px\u00a0\u00bb header_6_text_shadow_blur_strength_tablet=\u00a0\u00bb1px\u00a0\u00bb box_shadow_horizontal_tablet=\u00a0\u00bb0px\u00a0\u00bb box_shadow_vertical_tablet=\u00a0\u00bb0px\u00a0\u00bb box_shadow_blur_tablet=\u00a0\u00bb40px\u00a0\u00bb box_shadow_spread_tablet=\u00a0\u00bb0px\u00a0\u00bb global_colors_info=\u00a0\u00bb{}\u00a0\u00bb]<\/p>\n<p style=\"text-align: center;\">Pour plus d\u2019informations sur nos solutions de nettoyage, contactez-nous sans plus attendre<\/p>\n<p>[\/et_pb_text][et_pb_button button_url=\u00a0\u00bb\/contact\/\u00a0\u00bb button_text=\u00a0\u00bbContactez-nous\u00a0\u00bb button_alignment=\u00a0\u00bbcenter\u00a0\u00bb _builder_version=\u00a0\u00bb4.16&Prime; vertical_offset_tablet=\u00a0\u00bb0&Prime; horizontal_offset_tablet=\u00a0\u00bb0&Prime; custom_margin=\u00a0\u00bb||30px|\u00a0\u00bb z_index_tablet=\u00a0\u00bb0&Prime; button_text_shadow_horizontal_length_tablet=\u00a0\u00bb0px\u00a0\u00bb button_text_shadow_vertical_length_tablet=\u00a0\u00bb0px\u00a0\u00bb button_text_shadow_blur_strength_tablet=\u00a0\u00bb1px\u00a0\u00bb box_shadow_horizontal_tablet=\u00a0\u00bb0px\u00a0\u00bb box_shadow_vertical_tablet=\u00a0\u00bb0px\u00a0\u00bb box_shadow_blur_tablet=\u00a0\u00bb40px\u00a0\u00bb box_shadow_spread_tablet=\u00a0\u00bb0px\u00a0\u00bb global_colors_info=\u00a0\u00bb{}\u00a0\u00bb][\/et_pb_button][\/et_pb_column][\/et_pb_row][\/et_pb_section]<\/p>\n","protected":false},"excerpt":{"rendered":"<p>Et une de plus ! Cette ann\u00e9e encore, Laurenty soutient l&rsquo;\u00e9v\u00e9nement Food Connections 2022, chapeaut\u00e9 par Wagralim et par Fevia (F\u00e9d\u00e9ration de l&rsquo;industrie alimentaire belge) qui se d\u00e9roulera le jeudi 29 septembre prochain ! En tant que partenaire officiel de cet \u00e9v\u00e9nement, nous serons \u00e9videmment pr\u00e9sents afin de vous transmettre notre passion et notre exp\u00e9rience [&hellip;]<\/p>\n","protected":false},"author":4,"featured_media":49710,"comment_status":"open","ping_status":"open","sticky":false,"template":"","format":"standard","meta":{"_et_pb_use_builder":"on","_et_pb_old_content":"","_et_gb_content_width":"","footnotes":""},"categories":[140],"tags":[],"class_list":["post-55357","post","type-post","status-publish","format-standard","has-post-thumbnail","hentry","category-salons-et-foires-fr-fr"],"yoast_head":"<!-- This site is optimized with the Yoast SEO plugin v27.5 - https:\/\/yoast.com\/product\/yoast-seo-wordpress\/ -->\n<title>Laurenty, \u00e0 nouveau partenaire de la Food Connections (29 septembre 2022) - Laurenty<\/title>\n<meta name=\"robots\" content=\"index, follow, max-snippet:-1, max-image-preview:large, max-video-preview:-1\" \/>\n<link rel=\"canonical\" href=\"https:\/\/laurenty.com\/fr-fr\/laurenty-a-nouveau-partenaire-de-la-food-connections\/\" \/>\n<meta property=\"og:locale\" content=\"fr_FR\" \/>\n<meta property=\"og:type\" content=\"article\" \/>\n<meta property=\"og:title\" content=\"Laurenty, \u00e0 nouveau partenaire de la Food Connections (29 septembre 2022) - Laurenty\" \/>\n<meta property=\"og:description\" content=\"Et une de plus ! Cette ann\u00e9e encore, Laurenty soutient l&#039;\u00e9v\u00e9nement Food Connections 2022, chapeaut\u00e9 par Wagralim et par Fevia (F\u00e9d\u00e9ration de l&#039;industrie alimentaire belge) qui se d\u00e9roulera le jeudi 29 septembre prochain ! En tant que partenaire officiel de cet \u00e9v\u00e9nement, nous serons \u00e9videmment pr\u00e9sents afin de vous transmettre notre passion et notre exp\u00e9rience [&hellip;]\" \/>\n<meta property=\"og:url\" content=\"https:\/\/laurenty.com\/fr-fr\/laurenty-a-nouveau-partenaire-de-la-food-connections\/\" \/>\n<meta property=\"og:site_name\" content=\"Laurenty\" \/>\n<meta property=\"article:publisher\" content=\"https:\/\/www.facebook.com\/LaurentyGroup\" \/>\n<meta property=\"article:published_time\" content=\"2022-08-16T13:55:32+00:00\" \/>\n<meta property=\"og:image\" content=\"https:\/\/laurenty.com\/wp-content\/uploads\/2021\/11\/laurenty-banner-reseaux-sociaux.jpg\" \/>\n\t<meta property=\"og:image:width\" content=\"1200\" \/>\n\t<meta property=\"og:image:height\" content=\"630\" \/>\n\t<meta property=\"og:image:type\" content=\"image\/jpeg\" \/>\n<meta name=\"author\" content=\"Laurenty\" \/>\n<meta name=\"twitter:card\" content=\"summary_large_image\" \/>\n<meta name=\"twitter:label1\" content=\"\u00c9crit par\" \/>\n\t<meta name=\"twitter:data1\" content=\"Laurenty\" \/>\n\t<meta name=\"twitter:label2\" content=\"Dur\u00e9e de lecture estim\u00e9e\" \/>\n\t<meta name=\"twitter:data2\" content=\"7 minutes\" \/>\n<script type=\"application\/ld+json\" class=\"yoast-schema-graph\">{\"@context\":\"https:\\\/\\\/schema.org\",\"@graph\":[{\"@type\":\"Article\",\"@id\":\"https:\\\/\\\/laurenty.com\\\/fr-fr\\\/laurenty-a-nouveau-partenaire-de-la-food-connections\\\/#article\",\"isPartOf\":{\"@id\":\"https:\\\/\\\/laurenty.com\\\/fr-fr\\\/laurenty-a-nouveau-partenaire-de-la-food-connections\\\/\"},\"author\":{\"name\":\"Laurenty\",\"@id\":\"https:\\\/\\\/laurenty.com\\\/#\\\/schema\\\/person\\\/939985b5636f9908df70d3ec730fb563\"},\"headline\":\"Laurenty, \u00e0 nouveau partenaire de la Food Connections (29 septembre 2022)\",\"datePublished\":\"2022-08-16T13:55:32+00:00\",\"mainEntityOfPage\":{\"@id\":\"https:\\\/\\\/laurenty.com\\\/fr-fr\\\/laurenty-a-nouveau-partenaire-de-la-food-connections\\\/\"},\"wordCount\":1330,\"commentCount\":0,\"publisher\":{\"@id\":\"https:\\\/\\\/laurenty.com\\\/#organization\"},\"image\":{\"@id\":\"https:\\\/\\\/laurenty.com\\\/fr-fr\\\/laurenty-a-nouveau-partenaire-de-la-food-connections\\\/#primaryimage\"},\"thumbnailUrl\":\"https:\\\/\\\/laurenty.com\\\/wp-content\\\/uploads\\\/2022\\\/08\\\/food-connections-laurenty-2022-nettoyage-agroalimentaire.jpg\",\"articleSection\":[\"Salons et Foires\"],\"inLanguage\":\"fr-FR\",\"potentialAction\":[{\"@type\":\"CommentAction\",\"name\":\"Comment\",\"target\":[\"https:\\\/\\\/laurenty.com\\\/fr-fr\\\/laurenty-a-nouveau-partenaire-de-la-food-connections\\\/#respond\"]}]},{\"@type\":\"WebPage\",\"@id\":\"https:\\\/\\\/laurenty.com\\\/fr-fr\\\/laurenty-a-nouveau-partenaire-de-la-food-connections\\\/\",\"url\":\"https:\\\/\\\/laurenty.com\\\/fr-fr\\\/laurenty-a-nouveau-partenaire-de-la-food-connections\\\/\",\"name\":\"Laurenty, \u00e0 nouveau partenaire de la Food Connections (29 septembre 2022) - Laurenty\",\"isPartOf\":{\"@id\":\"https:\\\/\\\/laurenty.com\\\/#website\"},\"primaryImageOfPage\":{\"@id\":\"https:\\\/\\\/laurenty.com\\\/fr-fr\\\/laurenty-a-nouveau-partenaire-de-la-food-connections\\\/#primaryimage\"},\"image\":{\"@id\":\"https:\\\/\\\/laurenty.com\\\/fr-fr\\\/laurenty-a-nouveau-partenaire-de-la-food-connections\\\/#primaryimage\"},\"thumbnailUrl\":\"https:\\\/\\\/laurenty.com\\\/wp-content\\\/uploads\\\/2022\\\/08\\\/food-connections-laurenty-2022-nettoyage-agroalimentaire.jpg\",\"datePublished\":\"2022-08-16T13:55:32+00:00\",\"breadcrumb\":{\"@id\":\"https:\\\/\\\/laurenty.com\\\/fr-fr\\\/laurenty-a-nouveau-partenaire-de-la-food-connections\\\/#breadcrumb\"},\"inLanguage\":\"fr-FR\",\"potentialAction\":[{\"@type\":\"ReadAction\",\"target\":[\"https:\\\/\\\/laurenty.com\\\/fr-fr\\\/laurenty-a-nouveau-partenaire-de-la-food-connections\\\/\"]}]},{\"@type\":\"ImageObject\",\"inLanguage\":\"fr-FR\",\"@id\":\"https:\\\/\\\/laurenty.com\\\/fr-fr\\\/laurenty-a-nouveau-partenaire-de-la-food-connections\\\/#primaryimage\",\"url\":\"https:\\\/\\\/laurenty.com\\\/wp-content\\\/uploads\\\/2022\\\/08\\\/food-connections-laurenty-2022-nettoyage-agroalimentaire.jpg\",\"contentUrl\":\"https:\\\/\\\/laurenty.com\\\/wp-content\\\/uploads\\\/2022\\\/08\\\/food-connections-laurenty-2022-nettoyage-agroalimentaire.jpg\",\"width\":800,\"height\":500,\"caption\":\"Food Connections, Laurenty pr\u00e9sent en tant qu'expert du nettoyage en milieu agro-alimentaire\"},{\"@type\":\"BreadcrumbList\",\"@id\":\"https:\\\/\\\/laurenty.com\\\/fr-fr\\\/laurenty-a-nouveau-partenaire-de-la-food-connections\\\/#breadcrumb\",\"itemListElement\":[{\"@type\":\"ListItem\",\"position\":1,\"name\":\"Accueil\",\"item\":\"https:\\\/\\\/laurenty.com\\\/fr-fr\\\/\"},{\"@type\":\"ListItem\",\"position\":2,\"name\":\"Laurenty, \u00e0 nouveau partenaire de la Food Connections (29 septembre 2022)\"}]},{\"@type\":\"WebSite\",\"@id\":\"https:\\\/\\\/laurenty.com\\\/#website\",\"url\":\"https:\\\/\\\/laurenty.com\\\/\",\"name\":\"Laurenty Group\",\"description\":\"Entreprise de nettoyage et de services en Belgique, en France et au Luxembourg\",\"publisher\":{\"@id\":\"https:\\\/\\\/laurenty.com\\\/#organization\"},\"potentialAction\":[{\"@type\":\"SearchAction\",\"target\":{\"@type\":\"EntryPoint\",\"urlTemplate\":\"https:\\\/\\\/laurenty.com\\\/?s={search_term_string}\"},\"query-input\":{\"@type\":\"PropertyValueSpecification\",\"valueRequired\":true,\"valueName\":\"search_term_string\"}}],\"inLanguage\":\"fr-FR\"},{\"@type\":\"Organization\",\"@id\":\"https:\\\/\\\/laurenty.com\\\/#organization\",\"name\":\"Laurenty Group\",\"url\":\"https:\\\/\\\/laurenty.com\\\/\",\"logo\":{\"@type\":\"ImageObject\",\"inLanguage\":\"fr-FR\",\"@id\":\"https:\\\/\\\/laurenty.com\\\/#\\\/schema\\\/logo\\\/image\\\/\",\"url\":\"https:\\\/\\\/laurenty.com\\\/wp-content\\\/uploads\\\/2020\\\/06\\\/laurenty-group.png\",\"contentUrl\":\"https:\\\/\\\/laurenty.com\\\/wp-content\\\/uploads\\\/2020\\\/06\\\/laurenty-group.png\",\"width\":549,\"height\":309,\"caption\":\"Laurenty Group\"},\"image\":{\"@id\":\"https:\\\/\\\/laurenty.com\\\/#\\\/schema\\\/logo\\\/image\\\/\"},\"sameAs\":[\"https:\\\/\\\/www.facebook.com\\\/LaurentyGroup\",\"https:\\\/\\\/www.linkedin.com\\\/company\\\/laurentygroup\\\/\",\"https:\\\/\\\/www.youtube.com\\\/channel\\\/UCirP1Sv08dx0mDNCnR-8XUQ\"]},{\"@type\":\"Person\",\"@id\":\"https:\\\/\\\/laurenty.com\\\/#\\\/schema\\\/person\\\/939985b5636f9908df70d3ec730fb563\",\"name\":\"Laurenty\",\"image\":{\"@type\":\"ImageObject\",\"inLanguage\":\"fr-FR\",\"@id\":\"https:\\\/\\\/secure.gravatar.com\\\/avatar\\\/21cbb43463491b9a63a6f96b18cbbe2a487e72a9e0ce02b178e5c210689245f8?s=96&d=mm&r=g\",\"url\":\"https:\\\/\\\/secure.gravatar.com\\\/avatar\\\/21cbb43463491b9a63a6f96b18cbbe2a487e72a9e0ce02b178e5c210689245f8?s=96&d=mm&r=g\",\"contentUrl\":\"https:\\\/\\\/secure.gravatar.com\\\/avatar\\\/21cbb43463491b9a63a6f96b18cbbe2a487e72a9e0ce02b178e5c210689245f8?s=96&d=mm&r=g\",\"caption\":\"Laurenty\"},\"url\":\"https:\\\/\\\/laurenty.com\\\/fr-fr\\\/author\\\/laurenty\\\/\"}]}<\/script>\n<!-- \/ Yoast SEO plugin. -->","yoast_head_json":{"title":"Laurenty, \u00e0 nouveau partenaire de la Food Connections (29 septembre 2022) - Laurenty","robots":{"index":"index","follow":"follow","max-snippet":"max-snippet:-1","max-image-preview":"max-image-preview:large","max-video-preview":"max-video-preview:-1"},"canonical":"https:\/\/laurenty.com\/fr-fr\/laurenty-a-nouveau-partenaire-de-la-food-connections\/","og_locale":"fr_FR","og_type":"article","og_title":"Laurenty, \u00e0 nouveau partenaire de la Food Connections (29 septembre 2022) - Laurenty","og_description":"Et une de plus ! Cette ann\u00e9e encore, Laurenty soutient l'\u00e9v\u00e9nement Food Connections 2022, chapeaut\u00e9 par Wagralim et par Fevia (F\u00e9d\u00e9ration de l'industrie alimentaire belge) qui se d\u00e9roulera le jeudi 29 septembre prochain ! En tant que partenaire officiel de cet \u00e9v\u00e9nement, nous serons \u00e9videmment pr\u00e9sents afin de vous transmettre notre passion et notre exp\u00e9rience [&hellip;]","og_url":"https:\/\/laurenty.com\/fr-fr\/laurenty-a-nouveau-partenaire-de-la-food-connections\/","og_site_name":"Laurenty","article_publisher":"https:\/\/www.facebook.com\/LaurentyGroup","article_published_time":"2022-08-16T13:55:32+00:00","og_image":[{"width":1200,"height":630,"url":"https:\/\/laurenty.com\/wp-content\/uploads\/2021\/11\/laurenty-banner-reseaux-sociaux.jpg","type":"image\/jpeg"}],"author":"Laurenty","twitter_card":"summary_large_image","twitter_misc":{"\u00c9crit par":"Laurenty","Dur\u00e9e de lecture estim\u00e9e":"7 minutes"},"schema":{"@context":"https:\/\/schema.org","@graph":[{"@type":"Article","@id":"https:\/\/laurenty.com\/fr-fr\/laurenty-a-nouveau-partenaire-de-la-food-connections\/#article","isPartOf":{"@id":"https:\/\/laurenty.com\/fr-fr\/laurenty-a-nouveau-partenaire-de-la-food-connections\/"},"author":{"name":"Laurenty","@id":"https:\/\/laurenty.com\/#\/schema\/person\/939985b5636f9908df70d3ec730fb563"},"headline":"Laurenty, \u00e0 nouveau partenaire de la Food Connections (29 septembre 2022)","datePublished":"2022-08-16T13:55:32+00:00","mainEntityOfPage":{"@id":"https:\/\/laurenty.com\/fr-fr\/laurenty-a-nouveau-partenaire-de-la-food-connections\/"},"wordCount":1330,"commentCount":0,"publisher":{"@id":"https:\/\/laurenty.com\/#organization"},"image":{"@id":"https:\/\/laurenty.com\/fr-fr\/laurenty-a-nouveau-partenaire-de-la-food-connections\/#primaryimage"},"thumbnailUrl":"https:\/\/laurenty.com\/wp-content\/uploads\/2022\/08\/food-connections-laurenty-2022-nettoyage-agroalimentaire.jpg","articleSection":["Salons et Foires"],"inLanguage":"fr-FR","potentialAction":[{"@type":"CommentAction","name":"Comment","target":["https:\/\/laurenty.com\/fr-fr\/laurenty-a-nouveau-partenaire-de-la-food-connections\/#respond"]}]},{"@type":"WebPage","@id":"https:\/\/laurenty.com\/fr-fr\/laurenty-a-nouveau-partenaire-de-la-food-connections\/","url":"https:\/\/laurenty.com\/fr-fr\/laurenty-a-nouveau-partenaire-de-la-food-connections\/","name":"Laurenty, \u00e0 nouveau partenaire de la Food Connections (29 septembre 2022) - Laurenty","isPartOf":{"@id":"https:\/\/laurenty.com\/#website"},"primaryImageOfPage":{"@id":"https:\/\/laurenty.com\/fr-fr\/laurenty-a-nouveau-partenaire-de-la-food-connections\/#primaryimage"},"image":{"@id":"https:\/\/laurenty.com\/fr-fr\/laurenty-a-nouveau-partenaire-de-la-food-connections\/#primaryimage"},"thumbnailUrl":"https:\/\/laurenty.com\/wp-content\/uploads\/2022\/08\/food-connections-laurenty-2022-nettoyage-agroalimentaire.jpg","datePublished":"2022-08-16T13:55:32+00:00","breadcrumb":{"@id":"https:\/\/laurenty.com\/fr-fr\/laurenty-a-nouveau-partenaire-de-la-food-connections\/#breadcrumb"},"inLanguage":"fr-FR","potentialAction":[{"@type":"ReadAction","target":["https:\/\/laurenty.com\/fr-fr\/laurenty-a-nouveau-partenaire-de-la-food-connections\/"]}]},{"@type":"ImageObject","inLanguage":"fr-FR","@id":"https:\/\/laurenty.com\/fr-fr\/laurenty-a-nouveau-partenaire-de-la-food-connections\/#primaryimage","url":"https:\/\/laurenty.com\/wp-content\/uploads\/2022\/08\/food-connections-laurenty-2022-nettoyage-agroalimentaire.jpg","contentUrl":"https:\/\/laurenty.com\/wp-content\/uploads\/2022\/08\/food-connections-laurenty-2022-nettoyage-agroalimentaire.jpg","width":800,"height":500,"caption":"Food Connections, Laurenty pr\u00e9sent en tant qu'expert du nettoyage en milieu agro-alimentaire"},{"@type":"BreadcrumbList","@id":"https:\/\/laurenty.com\/fr-fr\/laurenty-a-nouveau-partenaire-de-la-food-connections\/#breadcrumb","itemListElement":[{"@type":"ListItem","position":1,"name":"Accueil","item":"https:\/\/laurenty.com\/fr-fr\/"},{"@type":"ListItem","position":2,"name":"Laurenty, \u00e0 nouveau partenaire de la Food Connections (29 septembre 2022)"}]},{"@type":"WebSite","@id":"https:\/\/laurenty.com\/#website","url":"https:\/\/laurenty.com\/","name":"Laurenty Group","description":"Entreprise de nettoyage et de services en Belgique, en France et au Luxembourg","publisher":{"@id":"https:\/\/laurenty.com\/#organization"},"potentialAction":[{"@type":"SearchAction","target":{"@type":"EntryPoint","urlTemplate":"https:\/\/laurenty.com\/?s={search_term_string}"},"query-input":{"@type":"PropertyValueSpecification","valueRequired":true,"valueName":"search_term_string"}}],"inLanguage":"fr-FR"},{"@type":"Organization","@id":"https:\/\/laurenty.com\/#organization","name":"Laurenty Group","url":"https:\/\/laurenty.com\/","logo":{"@type":"ImageObject","inLanguage":"fr-FR","@id":"https:\/\/laurenty.com\/#\/schema\/logo\/image\/","url":"https:\/\/laurenty.com\/wp-content\/uploads\/2020\/06\/laurenty-group.png","contentUrl":"https:\/\/laurenty.com\/wp-content\/uploads\/2020\/06\/laurenty-group.png","width":549,"height":309,"caption":"Laurenty Group"},"image":{"@id":"https:\/\/laurenty.com\/#\/schema\/logo\/image\/"},"sameAs":["https:\/\/www.facebook.com\/LaurentyGroup","https:\/\/www.linkedin.com\/company\/laurentygroup\/","https:\/\/www.youtube.com\/channel\/UCirP1Sv08dx0mDNCnR-8XUQ"]},{"@type":"Person","@id":"https:\/\/laurenty.com\/#\/schema\/person\/939985b5636f9908df70d3ec730fb563","name":"Laurenty","image":{"@type":"ImageObject","inLanguage":"fr-FR","@id":"https:\/\/secure.gravatar.com\/avatar\/21cbb43463491b9a63a6f96b18cbbe2a487e72a9e0ce02b178e5c210689245f8?s=96&d=mm&r=g","url":"https:\/\/secure.gravatar.com\/avatar\/21cbb43463491b9a63a6f96b18cbbe2a487e72a9e0ce02b178e5c210689245f8?s=96&d=mm&r=g","contentUrl":"https:\/\/secure.gravatar.com\/avatar\/21cbb43463491b9a63a6f96b18cbbe2a487e72a9e0ce02b178e5c210689245f8?s=96&d=mm&r=g","caption":"Laurenty"},"url":"https:\/\/laurenty.com\/fr-fr\/author\/laurenty\/"}]}},"_links":{"self":[{"href":"https:\/\/laurenty.com\/fr-fr\/wp-json\/wp\/v2\/posts\/55357","targetHints":{"allow":["GET"]}}],"collection":[{"href":"https:\/\/laurenty.com\/fr-fr\/wp-json\/wp\/v2\/posts"}],"about":[{"href":"https:\/\/laurenty.com\/fr-fr\/wp-json\/wp\/v2\/types\/post"}],"author":[{"embeddable":true,"href":"https:\/\/laurenty.com\/fr-fr\/wp-json\/wp\/v2\/users\/4"}],"replies":[{"embeddable":true,"href":"https:\/\/laurenty.com\/fr-fr\/wp-json\/wp\/v2\/comments?post=55357"}],"version-history":[{"count":0,"href":"https:\/\/laurenty.com\/fr-fr\/wp-json\/wp\/v2\/posts\/55357\/revisions"}],"wp:featuredmedia":[{"embeddable":true,"href":"https:\/\/laurenty.com\/fr-fr\/wp-json\/wp\/v2\/media\/49710"}],"wp:attachment":[{"href":"https:\/\/laurenty.com\/fr-fr\/wp-json\/wp\/v2\/media?parent=55357"}],"wp:term":[{"taxonomy":"category","embeddable":true,"href":"https:\/\/laurenty.com\/fr-fr\/wp-json\/wp\/v2\/categories?post=55357"},{"taxonomy":"post_tag","embeddable":true,"href":"https:\/\/laurenty.com\/fr-fr\/wp-json\/wp\/v2\/tags?post=55357"}],"curies":[{"name":"wp","href":"https:\/\/api.w.org\/{rel}","templated":true}]}}